{"id":2598,"date":"2017-10-11T16:34:10","date_gmt":"2017-10-11T13:34:10","guid":{"rendered":"http:\/\/www.vahitozmen.com\/t\/?p=2598"},"modified":"2017-10-11T16:34:10","modified_gmt":"2017-10-11T13:34:10","slug":"pembe-festival","status":"publish","type":"post","link":"https:\/\/vahitozmen.com\/t\/basin\/yazili-basin\/pembe-festival\/","title":{"rendered":"Pembe Festival"},"content":{"rendered":"<p class=\"mavifont\">9 Ekim 2017<\/p>\n<p>Kaynak : <a href=\"http:\/\/www.ntv.com.tr\/saglik\/meme-kanseri-turkiyede-20-yilda-2-5-kat-artti,5uJYVPPClkuYAO8MYZQyDQ\"  target=\"_blank\">ntv.com.tr<\/a><\/p>\n<blockquote><p>\n<img loading=\"lazy\" src=\"https:\/\/www.vahitozmen.com\/t\/wp-content\/uploads\/2017\/10\/pembe-festival-1.jpg\" alt=\"Pembe Festival\" width=\"960\" height=\"641\" class=\"aligncenter size-full wp-image-2600\" srcset=\"https:\/\/vahitozmen.com\/t\/wp-content\/uploads\/2017\/10\/pembe-festival-1.jpg 960w, https:\/\/vahitozmen.com\/t\/wp-content\/uploads\/2017\/10\/pembe-festival-1-550x367.jpg 550w\" sizes=\"(max-width: 960px) 100vw, 960px\" \/><\/p>\n<p class=\"mavifont\">T\u00fcrkiye\u2019de g\u00f6r\u00fclme s\u0131kl\u0131\u011f\u0131 son 20 y\u0131lda 2,5 kat artan meme kanserine kar\u015f\u0131 kad\u0131nlar\u0131 bilin\u00e7lendirmeyi hedefleyen MEMEDER, Meme Sa\u011fl\u0131\u011f\u0131 Fark\u0131ndal\u0131k Ay\u0131 olan Ekim ay\u0131nda Pembe Festival\u2019i hayata ge\u00e7irdi.<\/p>\n<\/blockquote>\n<p>\u00dclkemizde kad\u0131nlarda en s\u0131k g\u00f6r\u00fclen kanser t\u00fcr\u00fc olan meme kanseriyle ilgili fark\u0131ndal\u0131\u011f\u0131 art\u0131rmay\u0131 hedefleyen Meme Sa\u011fl\u0131\u011f\u0131 Derne\u011fi (MEMEDER), tarihlerinde \u0130stanbul\u2019da Pembe Festival\u2019i d\u00fczenledi.<\/p>\n<p>Meme sa\u011fl\u0131\u011f\u0131yla ilgili toplumu bilin\u00e7lendirmek i\u00e7in MEMEDER\u2019in 10 y\u0131ld\u0131r aral\u0131ks\u0131z \u00e7al\u0131\u015ft\u0131\u011f\u0131n\u0131 ifade eden MEMEDER Ba\u015fkan\u0131 \u00dclk\u00fc B\u00fcy\u00fckg\u00f6nen\u00e7, \u015funlar\u0131 s\u00f6yledi: <\/p>\n<p>\u201cKad\u0131nlar\u0131m\u0131z\u0131n meme kanserine kar\u015f\u0131 fark\u0131ndal\u0131\u011f\u0131n\u0131n artmas\u0131n\u0131, kanserin bir son olmad\u0131\u011f\u0131n\u0131 erken te\u015fhis ile hayatta kalma \u015fans\u0131n\u0131n y\u00fczde 95 oldu\u011funun bilinmesini istiyoruz. Ben meme kanserine erken evrede yakaland\u0131m ve bu hastal\u0131k benden sadece 6 ay\u0131m\u0131 ald\u0131 \u015fimdi sa\u011fl\u0131\u011f\u0131ma kavu\u015ftum. Bu y\u0131l ilk kez d\u00fczenledi\u011fimiz Pembe Festival ile daha fazla kad\u0131na ula\u015farak kendi kendine muayenenin ve erken te\u015fhisin \u00f6nemini anlatmay\u0131 hedefliyoruz.\u201d <\/p>\n<p>BATI\u2019YA BENZED\u0130K\u00c7E MEME KANSER\u0130 VAKALARI ARTIYOR<\/p>\n<p>T\u00fcrkiye\u2019de meme kanserinin kad\u0131nlar aras\u0131nda en s\u0131k g\u00f6r\u00fclen kanser t\u00fcr\u00fc oldu\u011funu a\u00e7\u0131klayan MEMEDER Onursal Ba\u015fkan\u0131 Prof. Dr. Vahit \u00d6zmen, T\u00fcrkiye\u2019de meme kanseri s\u0131kl\u0131\u011f\u0131n\u0131n son 20 y\u0131lda 2,5 kat artt\u0131\u011f\u0131na dikkat \u00e7ekti. <\/p>\n<p>Meme kanseri vakalar\u0131n\u0131n artmas\u0131n\u0131n nedenini T\u00fcrkiye\u2019de ya\u015fam tarz\u0131n\u0131n giderek Bat\u0131\u2019ya benzemeye ba\u015flamas\u0131 olarak a\u00e7\u0131klayan \u00d6zmen s\u00f6zlerine \u015f\u00f6yle devam etti: <\/p>\n<p>\u201cBat\u0131 T\u00fcrkiye\u2019de kad\u0131nlar ge\u00e7 evleniyor, ge\u00e7 do\u011fum yap\u0131yor, az do\u011fum yap\u0131yor ve daha az emziriyor. Anadolu\u2019da k\u0131z \u00e7ocuklar\u0131 14 ya\u015f\u0131nda ergenli\u011fe girerken \u0130stanbul\u2019da 10-11 ya\u015f\u0131nda ergenli\u011fe giriyor. Anadolu\u2019daki kad\u0131nlar 45-50 ya\u015f\u0131nda menopoza girerken \u0130stanbul\u2019daki kad\u0131nlar 55 ya\u015f\u0131nda menopoza giriyor. T\u00fcm bu fakt\u00f6rler maalesef \u00fclkemizde meme kanseri vakalar\u0131n\u0131n artmas\u0131na neden oluyor.\u201d<\/p>\n<p><img loading=\"lazy\" src=\"https:\/\/www.vahitozmen.com\/t\/wp-content\/uploads\/2017\/10\/pembe-festival-3.jpg\" alt=\"Pembe Festival\" width=\"940\" height=\"531\" class=\"aligncenter size-full wp-image-2602\" srcset=\"https:\/\/vahitozmen.com\/t\/wp-content\/uploads\/2017\/10\/pembe-festival-3.jpg 940w, https:\/\/vahitozmen.com\/t\/wp-content\/uploads\/2017\/10\/pembe-festival-3-550x310.jpg 550w\" sizes=\"(max-width: 940px) 100vw, 940px\" \/><\/p>\n<p>BEDEN K\u0130TLE \u0130NDEKS\u0130 20-25 C\u0130VARINDA TUTULMALI<\/p>\n<p>Meme kanserinde erken te\u015fhis ile tedavide y\u00fczde 95 ba\u015far\u0131 sa\u011fland\u0131\u011f\u0131n\u0131 a\u00e7\u0131klayan Prof. \u00d6zmen, meme kanserinden korunmak i\u00e7in yap\u0131lmas\u0131 gerekenleri \u015f\u00f6yle \u00f6zetledi;<\/p>\n<p>-Her sa\u011fl\u0131kl\u0131 kad\u0131n, ayl\u0131k kendi kendine meme muayenesine 20 ya\u015f\u0131ndan itibaren ba\u015flamal\u0131, her ay d\u00fczenli yapmal\u0131d\u0131r.<br \/>\n-Her sa\u011fl\u0131kl\u0131 kad\u0131n 40 ya\u015f\u0131ndan itibaren her y\u0131l klinik meme muayenesi yapt\u0131rmal\u0131d\u0131r.<br \/>\n-Ailesinde meme kanserli akrabas\u0131 olanlar ise, risk durumuna \u00f6zel tarama program\u0131na ba\u015flamal\u0131d\u0131r.<br \/>\n-40 ya\u015f\u0131ndan itibaren doktorunuzun \u00f6nerece\u011fi d\u00fczenli aral\u0131klarla mamografi kontrolleri yap\u0131lmal\u0131d\u0131r (Her sa\u011fl\u0131kl\u0131 kad\u0131n i\u00e7in iki y\u0131lda bir kez yapt\u0131r\u0131lmal\u0131d\u0131r).<br \/>\n-A\u015f\u0131r\u0131 kilodan uzak durmak gerekiyor; bu nedenle beden kitle indeksinin 20-25 civar\u0131nda olmas\u0131 \u00f6nemlidir.<br \/>\n-Her g\u00fcn bir saat egzersiz yap\u0131lmal\u0131d\u0131r.<br \/>\n-Mevsimindeki sebze ve meyvelerle beslenmelidir.<br \/>\n-Sigara ve alkolden uzak durulmal\u0131d\u0131r.<\/p>\n","protected":false},"excerpt":{"rendered":"<p>9 Ekim 2017 Kaynak : ntv.com.tr T\u00fcrkiye\u2019de g\u00f6r\u00fclme s\u0131kl\u0131\u011f\u0131 son 20 y\u0131lda 2,5 kat artan meme kanserine kar\u015f\u0131 kad\u0131nlar\u0131 bilin\u00e7lendirmeyi hedefleyen MEMEDER, Meme Sa\u011fl\u0131\u011f\u0131 Fark\u0131ndal\u0131k Ay\u0131 olan Ekim ay\u0131nda Pembe Festival\u2019i hayata ge\u00e7irdi. \u00dclkemizde kad\u0131nlarda en s\u0131k g\u00f6r\u00fclen kanser t\u00fcr\u00fc<span class=\"ellipsis\">&hellip;<\/span><\/p>\n<div class=\"read-more\"><a href=\"https:\/\/vahitozmen.com\/t\/basin\/yazili-basin\/pembe-festival\/\">Read more &#8250;<\/a><\/div>\n<p><!-- end of .read-more --><\/p>\n","protected":false},"author":1,"featured_media":2600,"comment_status":"closed","ping_status":"open","sticky":false,"template":"","format":"standard","meta":{"ngg_post_thumbnail":0},"categories":[29],"tags":[],"_links":{"self":[{"href":"https:\/\/vahitozmen.com\/t\/wp-json\/wp\/v2\/posts\/2598"}],"collection":[{"href":"https:\/\/vahitozmen.com\/t\/wp-json\/wp\/v2\/posts"}],"about":[{"href":"https:\/\/vahitozmen.com\/t\/wp-json\/wp\/v2\/types\/post"}],"author":[{"embeddable":true,"href":"https:\/\/vahitozmen.com\/t\/wp-json\/wp\/v2\/users\/1"}],"replies":[{"embeddable":true,"href":"https:\/\/vahitozmen.com\/t\/wp-json\/wp\/v2\/comments?post=2598"}],"version-history":[{"count":7,"href":"https:\/\/vahitozmen.com\/t\/wp-json\/wp\/v2\/posts\/2598\/revisions"}],"predecessor-version":[{"id":2607,"href":"https:\/\/vahitozmen.com\/t\/wp-json\/wp\/v2\/posts\/2598\/revisions\/2607"}],"wp:featuredmedia":[{"embeddable":true,"href":"https:\/\/vahitozmen.com\/t\/wp-json\/wp\/v2\/media\/2600"}],"wp:attachment":[{"href":"https:\/\/vahitozmen.com\/t\/wp-json\/wp\/v2\/media?parent=2598"}],"wp:term":[{"taxonomy":"category","embeddable":true,"href":"https:\/\/vahitozmen.com\/t\/wp-json\/wp\/v2\/categories?post=2598"},{"taxonomy":"post_tag","embeddable":true,"href":"https:\/\/vahitozmen.com\/t\/wp-json\/wp\/v2\/tags?post=2598"}],"curies":[{"name":"wp","href":"https:\/\/api.w.org\/{rel}","templated":true}]}}