{"id":2850,"date":"2018-12-25T12:03:06","date_gmt":"2018-12-25T10:03:06","guid":{"rendered":"http:\/\/www.vahitozmen.com\/t\/?p=2850"},"modified":"2018-12-25T12:03:06","modified_gmt":"2018-12-25T10:03:06","slug":"20-dunya-meme-kongresinin-acilisi-strasbourgdaki-avrupa-parlementosunda-yapildi","status":"publish","type":"post","link":"https:\/\/vahitozmen.com\/t\/haber\/20-dunya-meme-kongresinin-acilisi-strasbourgdaki-avrupa-parlementosunda-yapildi\/","title":{"rendered":"20. D\u00fcnya Meme Kongresi\u2019nin A\u00e7\u0131l\u0131\u015f\u0131 Strasbourg\u2019daki Avrupa Parlemento\u2019sunda yap\u0131ld\u0131"},"content":{"rendered":"<blockquote><p>\n<img loading=\"lazy\" src=\"https:\/\/www.vahitozmen.com\/t\/wp-content\/uploads\/2018\/12\/20nci_dunya_meme_kongresi-1.jpeg\" alt=\"20. D\u00fcnya Meme Kongresi\u2019nin A\u00e7\u0131l\u0131\u015f\u0131 Strasbourg\u2019daki Avrupa Parlemento\u2019sunda yap\u0131ld\u0131\" width=\"720\" height=\"960\" class=\"aligncenter size-full wp-image-2851\" srcset=\"https:\/\/vahitozmen.com\/t\/wp-content\/uploads\/2018\/12\/20nci_dunya_meme_kongresi-1.jpeg 720w, https:\/\/vahitozmen.com\/t\/wp-content\/uploads\/2018\/12\/20nci_dunya_meme_kongresi-1-300x400.jpeg 300w\" sizes=\"(max-width: 720px) 100vw, 720px\" \/><\/p>\n<p>Ba\u015fkanl\u0131\u011f\u0131n\u0131 yapt\u0131\u011f\u0131m ve 5-8 Aral\u0131k 2018 tarihinde Strasbourg\u2019da yap\u0131lan 20. D\u00fcnya Meme Kongresi\u2019nin A\u00e7\u0131l\u0131\u015f\u0131n\u0131 Strasbourg\u2019daki Avrupa Parlemento\u2019sunda yapt\u0131k.<\/p>\n<\/blockquote>\n<p><img loading=\"lazy\" src=\"https:\/\/www.vahitozmen.com\/t\/wp-content\/uploads\/2018\/12\/20nci_dunya_meme_kongresi-2.jpeg\" alt=\"20. D\u00fcnya Meme Kongresi\u2019nin A\u00e7\u0131l\u0131\u015f\u0131 Strasbourg\u2019daki Avrupa Parlemento\u2019sunda yap\u0131ld\u0131\" width=\"640\" height=\"480\" class=\"aligncenter size-full wp-image-2852\" srcset=\"https:\/\/vahitozmen.com\/t\/wp-content\/uploads\/2018\/12\/20nci_dunya_meme_kongresi-2.jpeg 640w, https:\/\/vahitozmen.com\/t\/wp-content\/uploads\/2018\/12\/20nci_dunya_meme_kongresi-2-533x400.jpeg 533w\" sizes=\"(max-width: 640px) 100vw, 640px\" \/><\/p>\n<p><img loading=\"lazy\" src=\"https:\/\/www.vahitozmen.com\/t\/wp-content\/uploads\/2018\/12\/20nci_dunya_meme_kongresi-3.jpeg\" alt=\"20. D\u00fcnya Meme Kongresi\u2019nin A\u00e7\u0131l\u0131\u015f\u0131 Strasbourg\u2019daki Avrupa Parlemento\u2019sunda yap\u0131ld\u0131\" width=\"640\" height=\"480\" class=\"aligncenter size-full wp-image-2853\" srcset=\"https:\/\/vahitozmen.com\/t\/wp-content\/uploads\/2018\/12\/20nci_dunya_meme_kongresi-3.jpeg 640w, https:\/\/vahitozmen.com\/t\/wp-content\/uploads\/2018\/12\/20nci_dunya_meme_kongresi-3-533x400.jpeg 533w\" sizes=\"(max-width: 640px) 100vw, 640px\" \/><\/p>\n","protected":false},"excerpt":{"rendered":"<p>Ba\u015fkanl\u0131\u011f\u0131n\u0131 yapt\u0131\u011f\u0131m ve 5-8 Aral\u0131k 2018 tarihinde Strasbourg\u2019da yap\u0131lan 20. D\u00fcnya Meme Kongresi\u2019nin A\u00e7\u0131l\u0131\u015f\u0131n\u0131 Strasbourg\u2019daki Avrupa Parlemento\u2019sunda yapt\u0131k.<\/p>\n","protected":false},"author":1,"featured_media":0,"comment_status":"closed","ping_status":"open","sticky":false,"template":"","format":"standard","meta":{"ngg_post_thumbnail":0},"categories":[4],"tags":[],"_links":{"self":[{"href":"https:\/\/vahitozmen.com\/t\/wp-json\/wp\/v2\/posts\/2850"}],"collection":[{"href":"https:\/\/vahitozmen.com\/t\/wp-json\/wp\/v2\/posts"}],"about":[{"href":"https:\/\/vahitozmen.com\/t\/wp-json\/wp\/v2\/types\/post"}],"author":[{"embeddable":true,"href":"https:\/\/vahitozmen.com\/t\/wp-json\/wp\/v2\/users\/1"}],"replies":[{"embeddable":true,"href":"https:\/\/vahitozmen.com\/t\/wp-json\/wp\/v2\/comments?post=2850"}],"version-history":[{"count":8,"href":"https:\/\/vahitozmen.com\/t\/wp-json\/wp\/v2\/posts\/2850\/revisions"}],"predecessor-version":[{"id":2862,"href":"https:\/\/vahitozmen.com\/t\/wp-json\/wp\/v2\/posts\/2850\/revisions\/2862"}],"wp:attachment":[{"href":"https:\/\/vahitozmen.com\/t\/wp-json\/wp\/v2\/media?parent=2850"}],"wp:term":[{"taxonomy":"category","embeddable":true,"href":"https:\/\/vahitozmen.com\/t\/wp-json\/wp\/v2\/categories?post=2850"},{"taxonomy":"post_tag","embeddable":true,"href":"https:\/\/vahitozmen.com\/t\/wp-json\/wp\/v2\/tags?post=2850"}],"curies":[{"name":"wp","href":"https:\/\/api.w.org\/{rel}","templated":true}]}}