{"id":3407,"date":"2023-12-03T19:48:01","date_gmt":"2023-12-03T16:48:01","guid":{"rendered":"https:\/\/vahitozmen.com\/t\/?p=3407"},"modified":"2023-12-03T19:48:01","modified_gmt":"2023-12-03T16:48:01","slug":"17-ulusal-meme-hastaliklari-kongresi","status":"publish","type":"post","link":"https:\/\/vahitozmen.com\/t\/haber\/17-ulusal-meme-hastaliklari-kongresi\/","title":{"rendered":"17. Ulusal Meme Hastal\u0131klar\u0131 Kongresi"},"content":{"rendered":"\n<p>Prof. Dr. Vahit \u00d6zmen, 30 Kas\u0131m &#8211; 3 Aral\u0131k 2023 tarihleri aras\u0131nda Ankara&#8217;da ger\u00e7ekle\u015ftirilen 17. Ulusal Meme Hastal\u0131klar\u0131 Kongresinde sunum ger\u00e7ekle\u015ftirdi.<\/p>\n\n\n\n<figure class=\"wp-block-image size-large\"><img loading=\"lazy\" width=\"768\" height=\"1024\" src=\"https:\/\/vahitozmen.com\/t\/wp-content\/uploads\/2023\/12\/meme-hastaliklari-kongresi-1-768x1024.jpg\" alt=\"\" class=\"wp-image-3406\" srcset=\"https:\/\/vahitozmen.com\/t\/wp-content\/uploads\/2023\/12\/meme-hastaliklari-kongresi-1-768x1024.jpg 768w, https:\/\/vahitozmen.com\/t\/wp-content\/uploads\/2023\/12\/meme-hastaliklari-kongresi-1-300x400.jpg 300w, https:\/\/vahitozmen.com\/t\/wp-content\/uploads\/2023\/12\/meme-hastaliklari-kongresi-1.jpg 800w\" sizes=\"(max-width: 768px) 100vw, 768px\" \/><\/figure>\n\n\n\n<figure class=\"wp-block-image size-large\"><img loading=\"lazy\" width=\"768\" height=\"1024\" src=\"https:\/\/vahitozmen.com\/t\/wp-content\/uploads\/2023\/12\/meme-hastaliklari-kongresi-4.jpg\" alt=\"\" class=\"wp-image-3404\" srcset=\"https:\/\/vahitozmen.com\/t\/wp-content\/uploads\/2023\/12\/meme-hastaliklari-kongresi-4.jpg 768w, https:\/\/vahitozmen.com\/t\/wp-content\/uploads\/2023\/12\/meme-hastaliklari-kongresi-4-300x400.jpg 300w\" sizes=\"(max-width: 768px) 100vw, 768px\" \/><\/figure>\n\n\n\n<figure class=\"wp-block-image size-large\"><img loading=\"lazy\" width=\"768\" height=\"1024\" src=\"https:\/\/vahitozmen.com\/t\/wp-content\/uploads\/2023\/12\/meme-hastaliklari-kongresi-2-768x1024.jpg\" alt=\"\" class=\"wp-image-3405\" srcset=\"https:\/\/vahitozmen.com\/t\/wp-content\/uploads\/2023\/12\/meme-hastaliklari-kongresi-2-768x1024.jpg 768w, https:\/\/vahitozmen.com\/t\/wp-content\/uploads\/2023\/12\/meme-hastaliklari-kongresi-2-300x400.jpg 300w, https:\/\/vahitozmen.com\/t\/wp-content\/uploads\/2023\/12\/meme-hastaliklari-kongresi-2.jpg 800w\" sizes=\"(max-width: 768px) 100vw, 768px\" \/><\/figure>\n","protected":false},"excerpt":{"rendered":"<p>Prof. Dr. Vahit \u00d6zmen, 30 Kas\u0131m &#8211; 3 Aral\u0131k 2023 tarihleri aras\u0131nda Ankara&#8217;da ger\u00e7ekle\u015ftirilen 17. Ulusal Meme Hastal\u0131klar\u0131 Kongresinde sunum ger\u00e7ekle\u015ftirdi.<\/p>\n","protected":false},"author":1,"featured_media":0,"comment_status":"closed","ping_status":"open","sticky":false,"template":"","format":"standard","meta":{"ngg_post_thumbnail":0},"categories":[4],"tags":[],"_links":{"self":[{"href":"https:\/\/vahitozmen.com\/t\/wp-json\/wp\/v2\/posts\/3407"}],"collection":[{"href":"https:\/\/vahitozmen.com\/t\/wp-json\/wp\/v2\/posts"}],"about":[{"href":"https:\/\/vahitozmen.com\/t\/wp-json\/wp\/v2\/types\/post"}],"author":[{"embeddable":true,"href":"https:\/\/vahitozmen.com\/t\/wp-json\/wp\/v2\/users\/1"}],"replies":[{"embeddable":true,"href":"https:\/\/vahitozmen.com\/t\/wp-json\/wp\/v2\/comments?post=3407"}],"version-history":[{"count":2,"href":"https:\/\/vahitozmen.com\/t\/wp-json\/wp\/v2\/posts\/3407\/revisions"}],"predecessor-version":[{"id":3409,"href":"https:\/\/vahitozmen.com\/t\/wp-json\/wp\/v2\/posts\/3407\/revisions\/3409"}],"wp:attachment":[{"href":"https:\/\/vahitozmen.com\/t\/wp-json\/wp\/v2\/media?parent=3407"}],"wp:term":[{"taxonomy":"category","embeddable":true,"href":"https:\/\/vahitozmen.com\/t\/wp-json\/wp\/v2\/categories?post=3407"},{"taxonomy":"post_tag","embeddable":true,"href":"https:\/\/vahitozmen.com\/t\/wp-json\/wp\/v2\/tags?post=3407"}],"curies":[{"name":"wp","href":"https:\/\/api.w.org\/{rel}","templated":true}]}}